{"id":10813,"date":"2020-08-07T09:44:35","date_gmt":"2020-08-07T06:44:35","guid":{"rendered":"https:\/\/www.fener.org\/?p=10813"},"modified":"2020-08-07T09:44:46","modified_gmt":"2020-08-07T06:44:46","slug":"erol-bulut-sampiyonluk-icin-elimizden-geleni-yapacagiz","status":"publish","type":"post","link":"https:\/\/www.fener.org\/index.php\/2020\/08\/07\/erol-bulut-sampiyonluk-icin-elimizden-geleni-yapacagiz\/","title":{"rendered":"Erol Bulut: \u015eampiyonluk i\u00e7in elimizden geleni yapaca\u011f\u0131z"},"content":{"rendered":"\n<p>&#8220;3 senelik teknik direkt\u00f6rl\u00fck kariyerim zorluklarla ba\u015flad\u0131; ancak sonucu g\u00fczel bitti. Alanya s\u00fcreci olumlu gitti. Fenerbah\u00e7e&#8217;ye geldik. Bir tak\u0131ma yeni gidiyorsunuz. Yard\u0131mc\u0131 antren\u00f6r\u00fc olarak gidiyorsunuz. Teknik direkt\u00f6r olmak s\u00fcreci zor bir karar. Teknik direkt\u00f6r olmak istiyorsan\u0131z o karar\u0131 vermeniz gerekiyor. Malatyaspor&#8217;da g\u00fczel i\u015fler yapt\u0131k. Alanyaspor&#8217;da da g\u00fczel bir ba\u015flang\u0131\u00e7 yapt\u0131k. Sezonu kupayla tamamlamak istedik, ancak ba\u015faramad\u0131k. Sezonu ilk 5&#8217;te tamamlad\u0131k. Malatya&#8217;dan sonra Alanya&#8217;y\u0131 da Avrupa&#8217;ya ta\u015f\u0131d\u0131k. Burada hedefimiz belli. B\u00fcy\u00fck bir kul\u00fcpteyim. Camian\u0131n beklentilerinin bilincindeyim. \u0130n\u015fallah, y\u0131llard\u0131r hasret kald\u0131\u011f\u0131m\u0131z \u015fampiyonlu\u011fu bu sezon sonunda kazanma mutlulu\u011funu ya\u015far\u0131z&#8221; diye konu\u015ftu.<\/p>\n\n\n\n<p>Alanyaspor&#8217;un ba\u015f\u0131ndayken tak\u0131m\u0131n elde etti\u011fi istatistikler \u00fczerine ise Fenerbah\u00e7e Teknik Direkt\u00f6r\u00fc Erol Bulut \u015f\u00f6yle konu\u015ftu;<\/p>\n\n\n\n<p>&#8220;\u0130statistikler \u00e7ok \u00f6nemlidir. Yorumcular defans oynatt\u0131\u011f\u0131m\u0131 d\u00fc\u015f\u00fcn\u00fcyorlar ama yanl\u0131\u015f. \u00d6yle bir tarz\u0131m hi\u00e7 olmad\u0131. Benim felsefem, h\u00fccum futboludur. Malatya&#8217;da en \u00e7ok gol atan 5. tak\u0131md\u0131r. Alanya&#8217;da daha da geli\u015ftirdik bunu. H\u00fccum oynatt\u0131\u011f\u0131m bir ekibim vard\u0131. Her zaman topa sahip olup ma\u00e7 kazanaca\u011f\u0131m diye bir \u015fey yok. Topa az sahip olup ma\u00e7 da kazan\u0131rs\u0131n\u0131z.<\/p>\n\n\n\n<p>\u00c7al\u0131\u015fma a\u00e7\u0131s\u0131ndan zaman\u0131m\u0131z k\u0131sa. 8&#8217;inde ba\u015fl\u0131yoruz. 10 g\u00fcnl\u00fck s\u00fcrecimiz \u0130stanbul&#8217;da olacak. Topuk Yaylas\u0131&#8217;na gidece\u011fiz. 4 haftada futbolcular\u0131m\u0131za h\u00fccum ve savunmada ne istedi\u011fimizi aktaraca\u011f\u0131z. Oyuncular\u0131n isteklerimizi sahada \u00e7abuk uygulamalar\u0131n\u0131 isteyece\u011fiz.<\/p>\n\n\n\n<p>Herkesin analizi farkl\u0131 do\u011frultuda. Nelere bakt\u0131klar\u0131n\u0131 bilemiyorum. Benim ekibim de bu do\u011frultuda sezon boyunca haz\u0131rlatt\u0131\u011f\u0131m\u0131z bir grafik var. Her \u015fey ortada. \u0130n\u015fallah bunun \u00fczerine bu sezon da koyarak, \u015fampiyonlu\u011fu camiam\u0131za ya\u015fat\u0131r\u0131z.&#8221;<\/p>\n\n\n\n<p>Fenerbah\u00e7e&#8217;ye geli\u015f s\u00fcrecini anlatmas\u0131 istenen 45 ya\u015f\u0131ndaki teknik adam,<\/p>\n\n\n\n<p>&#8220;Pandemi s\u00fcreci b\u00fct\u00fcn kul\u00fcpleri etkiledi. Futbolcular\u0131 mental olarak etkiledi. Oyuncular antrenman yapt\u0131lar. Ligin ne zaman ba\u015flayaca\u011f\u0131 belli de\u011fildi. Lig ba\u015flamas\u0131n\u0131n ard\u0131ndan adale sakatl\u0131klar\u0131 oldu. Bu s\u00fcreci iyi y\u00f6nettik. Transferim son g\u00fcnlerde tam olarak ortaya \u00e7\u0131kt\u0131. Kupa final ma\u00e7\u0131 bitmeden bir \u015fey yapmak do\u011fru de\u011fildi. Ben de hem finale hem de lige konsantre olmak zorundayd\u0131m. Kupay\u0131 Trabzonspor kazand\u0131. Ondan sonraki s\u00fcre\u00e7 biraz daha h\u0131zl\u0131 oldu ve 3-4 g\u00fcnde s\u00fcre\u00e7 tamamland\u0131&#8221; dedi.<\/p>\n\n\n\n<p>Erol Bulut, Fenerbah\u00e7e&#8217;nin yeni transferlerini ise \u015fu s\u00f6zlerle de\u011ferlendirdi:<\/p>\n\n\n\n<p><strong>Mert Hakan Yanda\u015f:<\/strong> Sivas&#8217;ta m\u00fcthi\u015f bir sezon ge\u00e7irdi. PTT 1. Lig&#8217;den Sivas&#8217;a gelmi\u015fti. Bu sezon iyi bir \u00e7\u0131k\u0131\u015f yapt\u0131. \u00c7al\u0131\u015fkanl\u0131\u011f\u0131yla ortaya \u00e7\u0131kan bir futbolcumuz. Fenerbah\u00e7e ile anla\u015fmas\u0131 beni mutlu ediyor. \u0130n\u015fallah sistem i\u00e7inde \u00e7ok katk\u0131 sa\u011flayacak.<\/p>\n\n\n\n<p><strong>G\u00f6khan G\u00f6n\u00fcl: <\/strong>G\u00f6khan G\u00f6n\u00fcl&#8217;\u00fc anlatmaya gerek yok. Fenerbah\u00e7e&#8217;de g\u00f6sterdi\u011fi ba\u015far\u0131lar ortada. Be\u015fikta\u015f&#8217;ta g\u00fczel y\u0131llar\u0131 oldu. \u015eimde yuvas\u0131na d\u00f6nd\u00fc. Kanat m\u0131 bek mi oynuyor bu \u00f6nemli. Defans \u00f6zelliklerini unutmayan bir bek. Ya\u015f\u0131na kimse bakmas\u0131n. Son y\u0131llarda 30&#8217;\u00fcn \u00fczerinde ma\u00e7 oynad\u0131. Tak\u0131ma b\u00fcy\u00fck katk\u0131 sa\u011flayacak. Fenerbah\u00e7e&#8217;deki 2. d\u00f6neminde bize katk\u0131s\u0131 kesinlikle olacakt\u0131r.<\/p>\n\n\n\n<p><strong>Caner Erkin:<\/strong> Caner, G\u00f6khan&#8217;la ayn\u0131 d\u00f6nemde Fenerbah\u00e7e&#8217;de oynad\u0131. Caner, daha \u00e7ok asistleriyle \u00f6ne \u00e7\u0131kan futbolcumuz. Paslar\u0131, dikine ortalar\u0131 \u00f6nemli; ancak defansa daha az \u00f6nem veren bir oyuncu. H\u00fccum futbolu oynatt\u0131m\u0131z i\u00e7in bu da bizim i\u00e7in \u00f6nemli olmayacak.<\/p>\n\n\n\n<p><strong>Filip Novak:<\/strong> Novak, Trabzonspor&#8217;da m\u00fcthi\u015f bir \u00e7\u0131k\u0131\u015f yapt\u0131. Genelde sa\u011f bekleri ortal\u0131yor, Novak arka direkte gol at\u0131yordu. 10 golle \u00f6n plana \u00e7\u0131kt\u0131. Caner ile birlikte forma sava\u015f\u0131na girecek. Hak eden sahada olacak. Her zaman bu \u015fekilde olacak. Adaletli olaca\u011f\u0131z.<\/p>\n\n\n\n<p>Taraftara \u00e7a\u011fr\u0131da bulunan Erol Bulut, &#8220;Taraftar\u0131m\u0131z\u0131 anlatmaya kelimeler yetmez. Tak\u0131m\u0131 en iyi \u015fekilde destekleyen bir taraftar\u0131m\u0131z var. Sezon sonunda \u015fampiyonlu\u011fu bu kul\u00fcbe ya\u015fatmak i\u00e7in elimizden geleni yapaca\u011f\u0131z. Ama onlar\u0131n da deste\u011fine ihtiyac\u0131m\u0131z olacak. \u0130ni\u015fli \u00e7\u0131k\u0131\u015fl\u0131 bir grafi\u011fimiz olabilir. Ne olursa olsun, tak\u0131m\u0131n arkas\u0131nda olsunlar, onlara in\u015fallah g\u00f6ze ho\u015f, h\u00fccumcu futbol, bask\u0131l\u0131 futbolu onlara ya\u015fatmaya \u00e7al\u0131\u015faca\u011f\u0131z&#8221; ifadelerini kulland\u0131.<\/p>\n\n\n\n<p>1995-96 sezonunda Trabzonspor&#8217;u deplasmanda 2-1 yenerek \u015fampiyonluk yolunda b\u00fcy\u00fck avantaj elde ettikleri ma\u00e7ta Aykut Kocaman&#8217;\u0131n att\u0131\u011f\u0131 2. gol\u00fcn asistini yapan Erol Bulut, o g\u00f6r\u00fcnt\u00fclerin izletilmesi \u00fczerine de, &#8220;Futbolda genelde hep gol\u00fc atan oyuncu \u00f6n planda; ancak asisti yapan futbolcu da \u00e7ok \u00f6nemli. M\u00fcthi\u015f bir ma\u00e7t\u0131. Trabzonspor taraftarlar\u0131 da bunu hat\u0131rlat\u0131yor. Fenerbah\u00e7e a\u00e7\u0131s\u0131ndan m\u00fcthi\u015f bir ma\u00e7t\u0131. \u0130n\u015fallah bu sevinci yine ya\u015far\u0131z&#8221; diye konu\u015ftu.<\/p>\n\n\n\n<p>Erol Bulut s\u00f6zlerinin sonlar\u0131nda, &#8220;\u00c7al\u0131\u015ft\u0131\u011f\u0131m tak\u0131mlarda, hi\u00e7 bir zaman ben kelimesi olmad\u0131, hep biz kelimesini kulland\u0131k. Sadece biz kelimesini kullanarak yola \u00e7\u0131kmam\u0131z laz\u0131m. Taraftar\u0131m\u0131z, y\u00f6netimimiz, futbolcular olarak birlikte olmam\u0131z laz\u0131m. Biz birlikte her \u015feyi ba\u015far\u0131r\u0131z&#8221; ifadelerini kulland\u0131.<\/p>\n","protected":false},"excerpt":{"rendered":"<p>&#8220;3 senelik teknik direkt\u00f6rl\u00fck kariyerim zorluklarla ba\u015flad\u0131; ancak sonucu g\u00fczel bitti. Alanya s\u00fcreci olumlu gitti. Fenerbah\u00e7e&#8217;ye geldik. Bir tak\u0131ma yeni gidiyorsunuz. Yard\u0131mc\u0131 antren\u00f6r\u00fc olarak gidiyorsunuz. Teknik direkt\u00f6r olmak s\u00fcreci zor bir karar. Teknik direkt\u00f6r olmak istiyorsan\u0131z o karar\u0131 vermeniz gerekiyor. Malatyaspor&#8217;da g\u00fczel i\u015fler yapt\u0131k. Alanyaspor&#8217;da da g\u00fczel bir ba\u015flang\u0131\u00e7 yapt\u0131k. Sezonu kupayla tamamlamak istedik, ancak [&hellip;]<\/p>\n","protected":false},"author":1,"featured_media":10814,"comment_status":"closed","ping_status":"closed","sticky":false,"template":"","format":"standard","meta":{"jnews-multi-image_gallery":[],"jnews_single_post":{"subtitle":"Fenerbah\u00e7e Teknik Direkt\u00f6r\u00fc Erol Bulut, Fenerbah\u00e7e TV'ye yapt\u0131\u011f\u0131 a\u00e7\u0131klamalarda umutlu mesajlar verdi.","format":"standard","video":"","gallery":"","source_name":"","source_url":"","via_name":"","via_url":"","override":[{"single_blog_custom":"","sidebar":"","second_sidebar":"","share_position":"","share_float_style":"","post_date_format":"","post_date_format_custom":"","post_reading_time_wpm":"","zoom_button_out_step":"1","zoom_button_in_step":"1","number_popup_post":"1"}],"image_override":[{"single_post_thumbnail_size":"","single_post_gallery_size":""}],"trending_post_position":"","trending_post_label":"","sponsored_post_label":"","sponsored_post_name":"","sponsored_post_url":"","sponsored_post_logo":"","sponsored_post_desc":""},"jnews_primary_category":{"id":"4"},"jnews_social_meta":{"fb_title":"","fb_description":"","fb_image":"","twitter_title":"","twitter_description":"","twitter_image":""},"jnews_override_counter":{"view_counter_number":"0","share_counter_number":"0","like_counter_number":"0","dislike_counter_number":"0"},"footnotes":""},"categories":[4,2,47],"tags":[23,54],"class_list":["post-10813","post","type-post","status-publish","format-standard","has-post-thumbnail","hentry","category-futbol","category-haberler","category-profesyonel-a-futbol-takimi","tag-fenerbahce","tag-futbol"],"amp_enabled":true,"_links":{"self":[{"href":"https:\/\/www.fener.org\/index.php\/wp-json\/wp\/v2\/posts\/10813","targetHints":{"allow":["GET"]}}],"collection":[{"href":"https:\/\/www.fener.org\/index.php\/wp-json\/wp\/v2\/posts"}],"about":[{"href":"https:\/\/www.fener.org\/index.php\/wp-json\/wp\/v2\/types\/post"}],"author":[{"embeddable":true,"href":"https:\/\/www.fener.org\/index.php\/wp-json\/wp\/v2\/users\/1"}],"replies":[{"embeddable":true,"href":"https:\/\/www.fener.org\/index.php\/wp-json\/wp\/v2\/comments?post=10813"}],"version-history":[{"count":1,"href":"https:\/\/www.fener.org\/index.php\/wp-json\/wp\/v2\/posts\/10813\/revisions"}],"predecessor-version":[{"id":10815,"href":"https:\/\/www.fener.org\/index.php\/wp-json\/wp\/v2\/posts\/10813\/revisions\/10815"}],"wp:featuredmedia":[{"embeddable":true,"href":"https:\/\/www.fener.org\/index.php\/wp-json\/wp\/v2\/media\/10814"}],"wp:attachment":[{"href":"https:\/\/www.fener.org\/index.php\/wp-json\/wp\/v2\/media?parent=10813"}],"wp:term":[{"taxonomy":"category","embeddable":true,"href":"https:\/\/www.fener.org\/index.php\/wp-json\/wp\/v2\/categories?post=10813"},{"taxonomy":"post_tag","embeddable":true,"href":"https:\/\/www.fener.org\/index.php\/wp-json\/wp\/v2\/tags?post=10813"}],"curies":[{"name":"wp","href":"https:\/\/api.w.org\/{rel}","templated":true}]}}