{"id":10776,"date":"2020-08-04T22:30:16","date_gmt":"2020-08-04T19:30:16","guid":{"rendered":"https:\/\/www.fener.org\/?p=10776"},"modified":"2020-08-04T22:30:24","modified_gmt":"2020-08-04T19:30:24","slug":"fenerbahceden-harcama-limiti-aciklamasi","status":"publish","type":"post","link":"https:\/\/www.fener.org\/index.php\/2020\/08\/04\/fenerbahceden-harcama-limiti-aciklamasi\/","title":{"rendered":"Fenerbah\u00e7e&#8217;den harcama limiti a\u00e7\u0131klamas\u0131"},"content":{"rendered":"\n<p>Fenerbah\u00e7e, T\u00fcrkiye Futbol Federasyonu&#8217;nun (TFF) a\u00e7\u0131klad\u0131\u011f\u0131 harcama limitlerinin asla kabul edilemez ve uygulanamaz d\u00fczeyde oldu\u011funu duyurdu. Sar\u0131 Lacivertliler, her t\u00fcrl\u00fc hak aray\u0131\u015f\u0131 m\u00fccadelesinin verilece\u011fini vurgulad\u0131.<\/p>\n\n\n\n<p>Sar\u0131-lacivertli kul\u00fcpten yap\u0131lan a\u00e7\u0131klamada \u015fu ifadeler kullan\u0131ld\u0131:<\/p>\n\n\n\n<blockquote class=\"wp-block-quote is-layout-flow wp-block-quote-is-layout-flow\"><p>T\u00fcrkiye Futbol Federasyonu taraf\u0131ndan bug\u00fcn a\u00e7\u0131klanan ve futbol ger\u00e7ekleriyle ba\u011fda\u015fmayan tak\u0131m harcama limitleri, asla kabul edilemez ve uygulanamaz d\u00fczeydedir.<\/p><p>Kul\u00fcb\u00fcm\u00fcz ve camiam\u0131z, i\u00e7erisinde bulundu\u011fumuz transfer d\u00f6neminde bu kabul edilemez sa\u00e7mal\u0131\u011fa kar\u015f\u0131 her t\u00fcrl\u00fc hak aray\u0131\u015f m\u00fccadelesini sonuna kadar verecektir.<\/p><p>Harcama limitleri uygulamas\u0131na ili\u015fkin ba\u015f\u0131ndan beri \u201ckervan yolda dizilir\u201d mant\u0131\u011f\u0131 ile hareket edilmemesini, uygulanabilir, s\u00fcrd\u00fcr\u00fclebilir bir talimata ihtiya\u00e7 oldu\u011funu ve mevcut haliyle T\u00fcrk futbolunun adil rekabet ortam\u0131ndan uzakla\u015faca\u011f\u0131n\u0131 ifade etmi\u015f; harcama limitlerinin ger\u00e7ek\u00e7i bir yakla\u015f\u0131mdan uzak ve s\u00fcrd\u00fcr\u00fclemez oldu\u011funu vurgulam\u0131\u015ft\u0131k.<\/p><p>Bug\u00fcn geldi\u011fimiz nokta ne kadar hakl\u0131 oldu\u011fumuzu bir kez daha g\u00f6stermi\u015ftir.<\/p><p>Uygulamaya ba\u015fland\u0131\u011f\u0131 ilk g\u00fcnden beri kurgusunun yanl\u0131\u015f tasarlanm\u0131\u015f oldu\u011funa dikkat \u00e7ekti\u011fimiz bu talimat, mevcut h\u00fck\u00fcmlere g\u00f6re hesaplanm\u0131\u015f olsayd\u0131 limitimizin (eksi) &#8211; 436 Milyon TL olmas\u0131 gerekirdi.<\/p><p>Eksi y\u00fcz milyonlarca liral\u0131k harcama limiti hesab\u0131 da talimat\u0131n ne kadar yanl\u0131\u015f dizayn edildi\u011fini tart\u0131\u015fmas\u0131z olarak ortaya koymaktad\u0131r.<\/p><p>Eksi harcama limiti garabetini gidermek i\u00e7in TFF Lisans Kurulu taraf\u0131ndan yap\u0131ld\u0131\u011f\u0131n\u0131 d\u00fc\u015f\u00fcnd\u00fc\u011f\u00fcm\u00fcz hesap manevralar\u0131yla harcama limitimiz mevcut oyuncular\u0131m\u0131z ve yeni transferlerimiz 154 Milyon TL (18.8 Milyon Euro) olarak a\u00e7\u0131klanm\u0131\u015ft\u0131r.<\/p><p>Bu hesaplama manevralar\u0131, kul\u00fcb\u00fcm\u00fcz ad\u0131na olumlu bir tablo olu\u015fturmamakla beraber; bu ad\u0131mlar\u0131n tamamen talimat\u0131n ger\u00e7ek d\u0131\u015f\u0131 hesaplama y\u00f6ntemlerini gizlemeye y\u00f6nelik oldu\u011fu intibas\u0131n\u0131 uyand\u0131rmaktad\u0131r.<\/p><p>2020\/21 sezonunda hali haz\u0131rda s\u00f6zle\u015fmesi devam eden oyuncular\u0131m\u0131z\u0131n y\u00fck\u00fcml\u00fcl\u00fckleri kul\u00fcb\u00fcm\u00fcz i\u00e7in a\u00e7\u0131klanan 154 milyon TL (18.8 Milyon Euro) limitin \u00e7ok \u00fczerindedir.<\/p><p>Bu durum, yeni sezonda da Kul\u00fcb\u00fcm\u00fcz\u00fcn transfer yapmas\u0131na engel olmaya \u00e7al\u0131\u015f\u0131laca\u011f\u0131, hi\u00e7 yeni transfer yapmad\u0131\u011f\u0131m\u0131z durumda dahi 2021\/22 sezonunda Talimat\u0131n Ek XII J maddesi gere\u011fi Kul\u00fcb\u00fcm\u00fcz\u00fcn 3 puan\u0131n\u0131n silinece\u011fi ve buna ek olarak Transfer Yasa\u011f\u0131, Kadro S\u0131n\u0131rlamas\u0131 ve Para Cezas\u0131 yapt\u0131r\u0131mlar\u0131ndan biri veya birka\u00e7\u0131 uygulanaca\u011f\u0131 anlam\u0131n\u0131 ta\u015f\u0131maktad\u0131r.<\/p><p>Bununla beraber y\u00f6netim kurulumuz g\u00f6reve geldi\u011fi g\u00fcnden bu yana finansal durumunu d\u00fczeltmek ad\u0131na bir \u00e7ok ad\u0131m atm\u0131\u015ft\u0131r. Tak\u0131m harcama limitlerine dahil olan kalemlerde 2017-2018 sezonunda 92 Milyon Euro\u2019luk harcamay\u0131 bir sonraki sezon 82 Milyon Euro\u2019ya ge\u00e7ti\u011fimiz sezon ise 64 Milyon Euro seviyelerine indirmi\u015f olup, %30\u2019luk bir tasarruf sa\u011flam\u0131\u015ft\u0131r. Ancak a\u00e7\u0131klanan limitler do\u011frultusunda bug\u00fcn bizden beklenen 64 Milyon Euro\u2019dan 18.8 Milyon Euro seviyesine inmemizdir. Buna hangi a\u00e7\u0131dan bakarsan\u0131z bak\u0131n, futbolun ger\u00e7eklerinden \u00e7ok uzak oldu\u011fu a\u015fikard\u0131r.<\/p><p>Bir kez daha \u00fcst\u00fcne basa basa vurgulamak isteriz ki; kurgusu en ba\u015f\u0131ndan yanl\u0131\u015f tasarlanm\u0131\u015f, haks\u0131z rekabete sebebiyet veren ve 2019\/20 sezonunda kul\u00fcb\u00fcm\u00fcze ciddi \u015fekilde zarar veren bu talimat\u0131n, bir kez daha \u00f6n\u00fcm\u00fcz\u00fc kesmemesi i\u00e7in camia olarak gereken her t\u00fcrl\u00fc m\u00fccadeleyi her ortamda sonuna kadar verece\u011fiz.<\/p><p>At\u0131lacak ad\u0131mlar ve al\u0131nacak aksiyonlar do\u011frultusunda \u00f6n\u00fcm\u00fczdeki g\u00fcnlerde camiam\u0131z\u0131 bilgilendirece\u011fiz.<\/p><p>Bu a\u015famada taraftarlar\u0131m\u0131zdan sab\u0131rl\u0131 ve gerekti\u011fi takdirde camia olarak ataca\u011f\u0131m\u0131z ad\u0131mlar i\u00e7in de bir o kadar haz\u0131rl\u0131kl\u0131 olmalar\u0131n\u0131 rica ediyoruz.<\/p><p><strong>Fenerbah\u00e7e Spor Kul\u00fcb\u00fc<\/strong><\/p><\/blockquote>\n","protected":false},"excerpt":{"rendered":"<p>Fenerbah\u00e7e, T\u00fcrkiye Futbol Federasyonu&#8217;nun (TFF) a\u00e7\u0131klad\u0131\u011f\u0131 harcama limitlerinin asla kabul edilemez ve uygulanamaz d\u00fczeyde oldu\u011funu duyurdu. Sar\u0131 Lacivertliler, her t\u00fcrl\u00fc hak aray\u0131\u015f\u0131 m\u00fccadelesinin verilece\u011fini vurgulad\u0131. Sar\u0131-lacivertli kul\u00fcpten yap\u0131lan a\u00e7\u0131klamada \u015fu ifadeler kullan\u0131ld\u0131: T\u00fcrkiye Futbol Federasyonu taraf\u0131ndan bug\u00fcn a\u00e7\u0131klanan ve futbol ger\u00e7ekleriyle ba\u011fda\u015fmayan tak\u0131m harcama limitleri, asla kabul edilemez ve uygulanamaz d\u00fczeydedir. Kul\u00fcb\u00fcm\u00fcz ve camiam\u0131z, i\u00e7erisinde [&hellip;]<\/p>\n","protected":false},"author":1,"featured_media":1378,"comment_status":"closed","ping_status":"closed","sticky":false,"template":"","format":"standard","meta":{"jnews-multi-image_gallery":[],"jnews_single_post":{"subtitle":"T\u00fcrkiye Futbol Federasyonu taraf\u0131ndan a\u00e7\u0131klanan harcama limitlerine ili\u015fkin Fenerbah\u00e7e'den a\u00e7\u0131klama geldi.","format":"standard","video":"","gallery":"","source_name":"","source_url":"","via_name":"","via_url":"","override":[{"single_blog_custom":"","sidebar":"","second_sidebar":"","share_position":"","share_float_style":"","post_date_format":"","post_date_format_custom":"","post_reading_time_wpm":"","zoom_button_out_step":"1","zoom_button_in_step":"1","number_popup_post":"1"}],"image_override":[{"single_post_thumbnail_size":"","single_post_gallery_size":""}],"trending_post_position":"","trending_post_label":"","sponsored_post_label":"","sponsored_post_name":"","sponsored_post_url":"","sponsored_post_logo":"","sponsored_post_desc":""},"jnews_primary_category":{"id":"3"},"jnews_social_meta":{"fb_title":"","fb_description":"","fb_image":"","twitter_title":"","twitter_description":"","twitter_image":""},"jnews_override_counter":{"view_counter_number":"0","share_counter_number":"0","like_counter_number":"0","dislike_counter_number":"0"},"footnotes":""},"categories":[2,3],"tags":[],"class_list":["post-10776","post","type-post","status-publish","format-standard","has-post-thumbnail","hentry","category-haberler","category-kulup"],"amp_enabled":true,"_links":{"self":[{"href":"https:\/\/www.fener.org\/index.php\/wp-json\/wp\/v2\/posts\/10776","targetHints":{"allow":["GET"]}}],"collection":[{"href":"https:\/\/www.fener.org\/index.php\/wp-json\/wp\/v2\/posts"}],"about":[{"href":"https:\/\/www.fener.org\/index.php\/wp-json\/wp\/v2\/types\/post"}],"author":[{"embeddable":true,"href":"https:\/\/www.fener.org\/index.php\/wp-json\/wp\/v2\/users\/1"}],"replies":[{"embeddable":true,"href":"https:\/\/www.fener.org\/index.php\/wp-json\/wp\/v2\/comments?post=10776"}],"version-history":[{"count":1,"href":"https:\/\/www.fener.org\/index.php\/wp-json\/wp\/v2\/posts\/10776\/revisions"}],"predecessor-version":[{"id":10777,"href":"https:\/\/www.fener.org\/index.php\/wp-json\/wp\/v2\/posts\/10776\/revisions\/10777"}],"wp:featuredmedia":[{"embeddable":true,"href":"https:\/\/www.fener.org\/index.php\/wp-json\/wp\/v2\/media\/1378"}],"wp:attachment":[{"href":"https:\/\/www.fener.org\/index.php\/wp-json\/wp\/v2\/media?parent=10776"}],"wp:term":[{"taxonomy":"category","embeddable":true,"href":"https:\/\/www.fener.org\/index.php\/wp-json\/wp\/v2\/categories?post=10776"},{"taxonomy":"post_tag","embeddable":true,"href":"https:\/\/www.fener.org\/index.php\/wp-json\/wp\/v2\/tags?post=10776"}],"curies":[{"name":"wp","href":"https:\/\/api.w.org\/{rel}","templated":true}]}}