{"id":10693,"date":"2020-07-13T22:10:13","date_gmt":"2020-07-13T19:10:13","guid":{"rendered":"https:\/\/www.fener.org\/?p=10693"},"modified":"2020-07-13T22:10:19","modified_gmt":"2020-07-13T19:10:19","slug":"danilo-barthel-fenerbahce-bekoya-geldigim-icin-cok-heyecanliyim","status":"publish","type":"post","link":"https:\/\/www.fener.org\/index.php\/2020\/07\/13\/danilo-barthel-fenerbahce-bekoya-geldigim-icin-cok-heyecanliyim\/","title":{"rendered":"Danilo Barthel: Fenerbah\u00e7e Beko\u2019ya geldi\u011fim i\u00e7in \u00e7ok heyecanl\u0131y\u0131m"},"content":{"rendered":"\n<p>Fenerbah\u00e7e Beko&#8217;nun yeni transferi Danilo Barthel, yapt\u0131\u011f\u0131 a\u00e7\u0131klamada \u015funlar\u0131 s\u00f6yledi:<\/p>\n\n\n\n<blockquote class=\"wp-block-quote is-layout-flow wp-block-quote-is-layout-flow\"><p>&#8220;Fenerbah\u00e7e Beko\u2019ya geldi\u011fim i\u00e7in \u00e7ok heyecanl\u0131y\u0131m. \u00dclker Spor ve Etkinlik Salonu\u2019ndaki atmosferin harika ve benzersiz oldu\u011funu biliyorum. Bu ekibin bir par\u00e7as\u0131 olmak i\u00e7in sab\u0131rs\u0131zlan\u0131yor ve hep birlikte ba\u015far\u0131l\u0131 bir sezon ge\u00e7irebilmeyi diliyorum.&#8221;<\/p><\/blockquote>\n","protected":false},"excerpt":{"rendered":"<p>Fenerbah\u00e7e Beko&#8217;nun yeni transferi Danilo Barthel, yapt\u0131\u011f\u0131 a\u00e7\u0131klamada \u015funlar\u0131 s\u00f6yledi: &#8220;Fenerbah\u00e7e Beko\u2019ya geldi\u011fim i\u00e7in \u00e7ok heyecanl\u0131y\u0131m. \u00dclker Spor ve Etkinlik Salonu\u2019ndaki atmosferin harika ve benzersiz oldu\u011funu biliyorum. Bu ekibin bir par\u00e7as\u0131 olmak i\u00e7in sab\u0131rs\u0131zlan\u0131yor ve hep birlikte ba\u015far\u0131l\u0131 bir sezon ge\u00e7irebilmeyi diliyorum.&#8221;<\/p>\n","protected":false},"author":1,"featured_media":10694,"comment_status":"closed","ping_status":"closed","sticky":false,"template":"","format":"standard","meta":{"jnews-multi-image_gallery":[],"jnews_single_post":{"subtitle":"Fenerbah\u00e7e Erkek Basketbol Tak\u0131m\u0131m\u0131z\u0131n yeni transferi Danilo Barthel, anla\u015fman\u0131n resmen duyurulmas\u0131n\u0131n ard\u0131ndan a\u00e7\u0131klamalarda bulundu.","format":"standard","video":"","gallery":"","source_name":"","source_url":"","via_name":"","via_url":"","override":[{"single_blog_custom":"","sidebar":"","second_sidebar":"","share_position":"","share_float_style":"","post_date_format":"","post_date_format_custom":"","post_reading_time_wpm":"","zoom_button_out_step":"1","zoom_button_in_step":"1","number_popup_post":"1"}],"image_override":[{"single_post_thumbnail_size":"","single_post_gallery_size":""}],"trending_post_position":"","trending_post_label":"","sponsored_post_label":"","sponsored_post_name":"","sponsored_post_url":"","sponsored_post_logo":"","sponsored_post_desc":""},"jnews_primary_category":{"id":"5"},"jnews_social_meta":{"fb_title":"","fb_description":"","fb_image":"","twitter_title":"","twitter_description":"","twitter_image":""},"jnews_override_counter":{"view_counter_number":"0","share_counter_number":"0","like_counter_number":"0","dislike_counter_number":"0"},"footnotes":""},"categories":[5,6,2],"tags":[24,23],"class_list":["post-10693","post","type-post","status-publish","format-standard","has-post-thumbnail","hentry","category-basketbol","category-erkek-basketbol","category-haberler","tag-basketbol","tag-fenerbahce"],"amp_enabled":true,"_links":{"self":[{"href":"https:\/\/www.fener.org\/index.php\/wp-json\/wp\/v2\/posts\/10693","targetHints":{"allow":["GET"]}}],"collection":[{"href":"https:\/\/www.fener.org\/index.php\/wp-json\/wp\/v2\/posts"}],"about":[{"href":"https:\/\/www.fener.org\/index.php\/wp-json\/wp\/v2\/types\/post"}],"author":[{"embeddable":true,"href":"https:\/\/www.fener.org\/index.php\/wp-json\/wp\/v2\/users\/1"}],"replies":[{"embeddable":true,"href":"https:\/\/www.fener.org\/index.php\/wp-json\/wp\/v2\/comments?post=10693"}],"version-history":[{"count":2,"href":"https:\/\/www.fener.org\/index.php\/wp-json\/wp\/v2\/posts\/10693\/revisions"}],"predecessor-version":[{"id":10696,"href":"https:\/\/www.fener.org\/index.php\/wp-json\/wp\/v2\/posts\/10693\/revisions\/10696"}],"wp:featuredmedia":[{"embeddable":true,"href":"https:\/\/www.fener.org\/index.php\/wp-json\/wp\/v2\/media\/10694"}],"wp:attachment":[{"href":"https:\/\/www.fener.org\/index.php\/wp-json\/wp\/v2\/media?parent=10693"}],"wp:term":[{"taxonomy":"category","embeddable":true,"href":"https:\/\/www.fener.org\/index.php\/wp-json\/wp\/v2\/categories?post=10693"},{"taxonomy":"post_tag","embeddable":true,"href":"https:\/\/www.fener.org\/index.php\/wp-json\/wp\/v2\/tags?post=10693"}],"curies":[{"name":"wp","href":"https:\/\/api.w.org\/{rel}","templated":true}]}}