{"id":10479,"date":"2020-06-09T18:10:27","date_gmt":"2020-06-09T15:10:27","guid":{"rendered":"https:\/\/www.fener.org\/?p=10479"},"modified":"2020-06-12T14:45:55","modified_gmt":"2020-06-12T11:45:55","slug":"sari-melekler-kadrosuna-yeni-isimler-katti","status":"publish","type":"post","link":"https:\/\/www.fener.org\/index.php\/2020\/06\/09\/sari-melekler-kadrosuna-yeni-isimler-katti\/","title":{"rendered":"Sar\u0131 Melekler kadrosuna yeni isimler katt\u0131"},"content":{"rendered":"\n<p>Yeni sezon i\u00e7in kadro yap\u0131lanmas\u0131 \u00e7al\u0131\u015fmalar\u0131n\u0131 y\u00fcr\u00fcten Fenerbah\u00e7e Kad\u0131n Voleybol Tak\u0131m\u0131m\u0131z, 3&#8217;\u00fc altyap\u0131dan olmak \u00fczere 5 yeni oyuncuyu A Tak\u0131m kadrosuna dahil etti.<\/p>\n\n\n\n<p>Geride b\u0131rakt\u0131\u011f\u0131m\u0131z y\u0131l Volei Alba Blaj\u2019te forma giyen 1994 do\u011fumlu gen\u00e7 Sma\u00e7\u00f6r Bianka Bu\u0161a ve 1993 do\u011fumlu Sma\u00e7\u00f6r Cansu \u00c7etin, Fenerbah\u00e7e\u2019mizin formas\u0131n\u0131 giyecekler.<\/p>\n\n\n\n<p>Tak\u0131m\u0131m\u0131z\u0131n altyap\u0131s\u0131ndan yeti\u015fen; 2002 do\u011fumlu Pas\u00f6r Lila \u015eeng\u00fcn ve 2002 do\u011fumlu Libero G\u00fclce G\u00fc\u00e7tekin ile 2. Lig Kad\u0131n Tak\u0131m\u0131m\u0131zda Pas\u00f6r mevkiinde g\u00f6rev yapan 2002 do\u011fumlu Hilal Kocakara da A Tak\u0131m kadrosuna dahil edilen oyuncular oldular.<\/p>\n","protected":false},"excerpt":{"rendered":"<p>Yeni sezon i\u00e7in kadro yap\u0131lanmas\u0131 \u00e7al\u0131\u015fmalar\u0131n\u0131 y\u00fcr\u00fcten Fenerbah\u00e7e Kad\u0131n Voleybol Tak\u0131m\u0131m\u0131z, 3&#8217;\u00fc altyap\u0131dan olmak \u00fczere 5 yeni oyuncuyu A Tak\u0131m kadrosuna dahil etti. Geride b\u0131rakt\u0131\u011f\u0131m\u0131z y\u0131l Volei Alba Blaj\u2019te forma giyen 1994 do\u011fumlu gen\u00e7 Sma\u00e7\u00f6r Bianka Bu\u0161a ve 1993 do\u011fumlu Sma\u00e7\u00f6r Cansu \u00c7etin, Fenerbah\u00e7e\u2019mizin formas\u0131n\u0131 giyecekler. Tak\u0131m\u0131m\u0131z\u0131n altyap\u0131s\u0131ndan yeti\u015fen; 2002 do\u011fumlu Pas\u00f6r Lila \u015eeng\u00fcn ve [&hellip;]<\/p>\n","protected":false},"author":1,"featured_media":1285,"comment_status":"closed","ping_status":"closed","sticky":false,"template":"","format":"standard","meta":{"jnews-multi-image_gallery":[],"jnews_single_post":{"subtitle":"Yeni sezon yap\u0131lanmas\u0131 kapsam\u0131nda \u00e7al\u0131\u015fmalar\u0131n\u0131 tamamlayan Fenerbah\u00e7e Kad\u0131n Voleybol Tak\u0131m\u0131m\u0131z, 5 yeni ismi kadrosuna dahil etti.","format":"standard","video":"","gallery":"","source_name":"","source_url":"","via_name":"","via_url":"","override":[{"single_blog_custom":"","sidebar":"","second_sidebar":"","share_position":"","share_float_style":"","post_date_format":"","post_date_format_custom":"","post_reading_time_wpm":"","zoom_button_out_step":"1","zoom_button_in_step":"1","number_popup_post":"1"}],"image_override":[{"single_post_thumbnail_size":"","single_post_gallery_size":""}],"trending_post_position":"","trending_post_label":"","sponsored_post_label":"","sponsored_post_name":"","sponsored_post_url":"","sponsored_post_logo":"","sponsored_post_desc":""},"jnews_primary_category":{"id":"8"},"jnews_social_meta":{"fb_title":"","fb_description":"","fb_image":"","twitter_title":"","twitter_description":"","twitter_image":""},"jnews_override_counter":{"view_counter_number":"0","share_counter_number":"0","like_counter_number":"0","dislike_counter_number":"0"},"footnotes":""},"categories":[2,10,8],"tags":[23,29],"class_list":["post-10479","post","type-post","status-publish","format-standard","has-post-thumbnail","hentry","category-haberler","category-kadin-voleybol","category-voleybol","tag-fenerbahce","tag-voleybol"],"amp_enabled":true,"_links":{"self":[{"href":"https:\/\/www.fener.org\/index.php\/wp-json\/wp\/v2\/posts\/10479","targetHints":{"allow":["GET"]}}],"collection":[{"href":"https:\/\/www.fener.org\/index.php\/wp-json\/wp\/v2\/posts"}],"about":[{"href":"https:\/\/www.fener.org\/index.php\/wp-json\/wp\/v2\/types\/post"}],"author":[{"embeddable":true,"href":"https:\/\/www.fener.org\/index.php\/wp-json\/wp\/v2\/users\/1"}],"replies":[{"embeddable":true,"href":"https:\/\/www.fener.org\/index.php\/wp-json\/wp\/v2\/comments?post=10479"}],"version-history":[{"count":1,"href":"https:\/\/www.fener.org\/index.php\/wp-json\/wp\/v2\/posts\/10479\/revisions"}],"predecessor-version":[{"id":10480,"href":"https:\/\/www.fener.org\/index.php\/wp-json\/wp\/v2\/posts\/10479\/revisions\/10480"}],"wp:featuredmedia":[{"embeddable":true,"href":"https:\/\/www.fener.org\/index.php\/wp-json\/wp\/v2\/media\/1285"}],"wp:attachment":[{"href":"https:\/\/www.fener.org\/index.php\/wp-json\/wp\/v2\/media?parent=10479"}],"wp:term":[{"taxonomy":"category","embeddable":true,"href":"https:\/\/www.fener.org\/index.php\/wp-json\/wp\/v2\/categories?post=10479"},{"taxonomy":"post_tag","embeddable":true,"href":"https:\/\/www.fener.org\/index.php\/wp-json\/wp\/v2\/tags?post=10479"}],"curies":[{"name":"wp","href":"https:\/\/api.w.org\/{rel}","templated":true}]}}