{"id":10420,"date":"2020-05-19T17:14:55","date_gmt":"2020-05-19T14:14:55","guid":{"rendered":"https:\/\/www.fener.org\/?p=10420"},"modified":"2020-05-19T17:15:03","modified_gmt":"2020-05-19T14:15:03","slug":"fenerbahcede-test-sonuclari-negatif-cikti","status":"publish","type":"post","link":"https:\/\/www.fener.org\/index.php\/2020\/05\/19\/fenerbahcede-test-sonuclari-negatif-cikti\/","title":{"rendered":"Fenerbah\u00e7e&#8217;de test sonu\u00e7lar\u0131 negatif \u00e7\u0131kt\u0131"},"content":{"rendered":"\n<p>Fenerbah\u00e7e; oyuncular, teknik heyet ve Can Bartu Tesisleri&#8217;nde \u00e7al\u0131\u015fan isimlere yap\u0131lan corona vir\u00fcs test sonu\u00e7lar\u0131n\u0131n negatif \u00e7\u0131kt\u0131\u011f\u0131n\u0131 a\u00e7\u0131klad\u0131.<\/p>\n\n\n\n<p>Kul\u00fcb\u00fcm\u00fczden yap\u0131lan a\u00e7\u0131klamada \u015fu ifadelere yer verildi:<\/p>\n\n\n\n<blockquote class=\"wp-block-quote is-layout-flow wp-block-quote-is-layout-flow\"><p>&#8220;Futbol A Tak\u0131m\u0131m\u0131z\u0131n oyuncular\u0131na, teknik ve idari heyetine ve Samand\u0131ra Can Bartu Tesislerimizde g\u00f6rev yapan personelimize yap\u0131lan Covid-19 PCR testinde t\u00fcm sonu\u00e7lar negatif \u00e7\u0131km\u0131\u015ft\u0131r. Tak\u0131m\u0131m\u0131z k\u00fc\u00e7\u00fck gruplar halinde \u00e7ar\u015famba, per\u015fembe ve cuma g\u00fcn\u00fc Samand\u0131ra Can Bartu Tesislerimizde \u00e7al\u0131\u015fmalar\u0131n\u0131 s\u00fcrd\u00fcrecektir.&#8221;<\/p><\/blockquote>\n","protected":false},"excerpt":{"rendered":"<p>Fenerbah\u00e7e; oyuncular, teknik heyet ve Can Bartu Tesisleri&#8217;nde \u00e7al\u0131\u015fan isimlere yap\u0131lan corona vir\u00fcs test sonu\u00e7lar\u0131n\u0131n negatif \u00e7\u0131kt\u0131\u011f\u0131n\u0131 a\u00e7\u0131klad\u0131. Kul\u00fcb\u00fcm\u00fczden yap\u0131lan a\u00e7\u0131klamada \u015fu ifadelere yer verildi: &#8220;Futbol A Tak\u0131m\u0131m\u0131z\u0131n oyuncular\u0131na, teknik ve idari heyetine ve Samand\u0131ra Can Bartu Tesislerimizde g\u00f6rev yapan personelimize yap\u0131lan Covid-19 PCR testinde t\u00fcm sonu\u00e7lar negatif \u00e7\u0131km\u0131\u015ft\u0131r. Tak\u0131m\u0131m\u0131z k\u00fc\u00e7\u00fck gruplar halinde \u00e7ar\u015famba, per\u015fembe [&hellip;]<\/p>\n","protected":false},"author":1,"featured_media":1378,"comment_status":"closed","ping_status":"closed","sticky":false,"template":"","format":"standard","meta":{"jnews-multi-image_gallery":[],"jnews_single_post":{"subtitle":"Fenerbah\u00e7e, kul\u00fcp genelinde yap\u0131lan Covid-19 testlerinin ard\u0131ndan bir a\u00e7\u0131klama yay\u0131nlad\u0131.","format":"standard","video":"","gallery":"","source_name":"","source_url":"","via_name":"","via_url":"","override":[{"single_blog_custom":"","sidebar":"","second_sidebar":"","share_position":"","share_float_style":"","post_date_format":"","post_date_format_custom":"","post_reading_time_wpm":"","zoom_button_out_step":"1","zoom_button_in_step":"1","number_popup_post":"1"}],"image_override":[{"single_post_thumbnail_size":"","single_post_gallery_size":""}],"trending_post_position":"","trending_post_label":"","sponsored_post_label":"","sponsored_post_name":"","sponsored_post_url":"","sponsored_post_logo":"","sponsored_post_desc":""},"jnews_primary_category":{"id":"3"},"jnews_social_meta":{"fb_title":"","fb_description":"","fb_image":"","twitter_title":"","twitter_description":"","twitter_image":""},"jnews_override_counter":{"view_counter_number":"0","share_counter_number":"0","like_counter_number":"0","dislike_counter_number":"0"},"footnotes":""},"categories":[2,3],"tags":[],"class_list":["post-10420","post","type-post","status-publish","format-standard","has-post-thumbnail","hentry","category-haberler","category-kulup"],"amp_enabled":true,"_links":{"self":[{"href":"https:\/\/www.fener.org\/index.php\/wp-json\/wp\/v2\/posts\/10420","targetHints":{"allow":["GET"]}}],"collection":[{"href":"https:\/\/www.fener.org\/index.php\/wp-json\/wp\/v2\/posts"}],"about":[{"href":"https:\/\/www.fener.org\/index.php\/wp-json\/wp\/v2\/types\/post"}],"author":[{"embeddable":true,"href":"https:\/\/www.fener.org\/index.php\/wp-json\/wp\/v2\/users\/1"}],"replies":[{"embeddable":true,"href":"https:\/\/www.fener.org\/index.php\/wp-json\/wp\/v2\/comments?post=10420"}],"version-history":[{"count":1,"href":"https:\/\/www.fener.org\/index.php\/wp-json\/wp\/v2\/posts\/10420\/revisions"}],"predecessor-version":[{"id":10421,"href":"https:\/\/www.fener.org\/index.php\/wp-json\/wp\/v2\/posts\/10420\/revisions\/10421"}],"wp:featuredmedia":[{"embeddable":true,"href":"https:\/\/www.fener.org\/index.php\/wp-json\/wp\/v2\/media\/1378"}],"wp:attachment":[{"href":"https:\/\/www.fener.org\/index.php\/wp-json\/wp\/v2\/media?parent=10420"}],"wp:term":[{"taxonomy":"category","embeddable":true,"href":"https:\/\/www.fener.org\/index.php\/wp-json\/wp\/v2\/categories?post=10420"},{"taxonomy":"post_tag","embeddable":true,"href":"https:\/\/www.fener.org\/index.php\/wp-json\/wp\/v2\/tags?post=10420"}],"curies":[{"name":"wp","href":"https:\/\/api.w.org\/{rel}","templated":true}]}}