{"id":10417,"date":"2020-05-12T20:13:11","date_gmt":"2020-05-12T17:13:11","guid":{"rendered":"https:\/\/www.fener.org\/?p=10417"},"modified":"2020-05-12T20:13:18","modified_gmt":"2020-05-12T17:13:18","slug":"samandirada-bir-corona-virus-vakasi-daha","status":"publish","type":"post","link":"https:\/\/www.fener.org\/index.php\/2020\/05\/12\/samandirada-bir-corona-virus-vakasi-daha\/","title":{"rendered":"Samand\u0131ra&#8217;da bir corona vir\u00fcs vakas\u0131 daha"},"content":{"rendered":"\n<p>Kul\u00fcb\u00fcm\u00fcz, 11 May\u0131s Pazartesi g\u00fcn\u00fc t\u00fcm futbolcu ve ekip \u00e7al\u0131\u015fanlar\u0131na Covid-19 tan\u0131 testi yap\u0131lmas\u0131n\u0131n ard\u0131ndan Samand\u0131ra Tesisleri&#8217;nde g\u00f6rev yapan bir \u00e7al\u0131\u015fan\u0131n testinin pozitif \u00e7\u0131kt\u0131\u011f\u0131n\u0131 duyurdu.<\/p>\n\n\n\n<p>Kul\u00fcb\u00fcm\u00fcz\u00fcn resmi sitesinden konuyla ilgili yap\u0131lan a\u00e7\u0131klamada \u015fu ifadeler yer ald\u0131:<\/p>\n\n\n\n<blockquote class=\"wp-block-quote is-layout-flow wp-block-quote-is-layout-flow\"><p>Kul\u00fcb\u00fcm\u00fcz taraf\u0131ndan Samand\u0131ra Can Bartu Tesislerimizde 11 May\u0131s Pazartesi g\u00fcn\u00fc t\u00fcm futbolcu, teknik ekip ve \u00e7al\u0131\u015fanlar\u0131m\u0131za Covid-19 tan\u0131 testi yap\u0131lm\u0131\u015ft\u0131r.<\/p><p>Samand\u0131ra \u00e7al\u0131\u015fanlar\u0131m\u0131zdan birinin test sonucu pozitif \u00e7\u0131km\u0131\u015ft\u0131r. Testi pozitif \u00e7\u0131kan \u00e7al\u0131\u015fan\u0131m\u0131z evde izolasyona al\u0131nm\u0131\u015f ve kendisine ila\u00e7 tedavisi ba\u015flam\u0131\u015ft\u0131r.<\/p><p>Ge\u00e7ti\u011fimiz hafta yap\u0131lan testlerde pozitif \u00e7\u0131kan \u00e7al\u0131\u015fan\u0131m\u0131z\u0131n ard\u0131ndan bu haftaki testle birlikte Samand\u0131ra Can Bartu tesislerimizde toplamda 2 \u00e7al\u0131\u015fan\u0131m\u0131zda Covid-19 vir\u00fcs\u00fc tespit edilmi\u015ftir.<\/p><p>Konu hakk\u0131nda geli\u015fmeler olduk\u00e7a tekrar kamuoyuna bilgilendirme yap\u0131lacakt\u0131r.<\/p><p><strong>FENERBAH\u00c7E SPOR KUL\u00dcB\u00dc<\/strong><\/p><\/blockquote>\n","protected":false},"excerpt":{"rendered":"<p>Kul\u00fcb\u00fcm\u00fcz, 11 May\u0131s Pazartesi g\u00fcn\u00fc t\u00fcm futbolcu ve ekip \u00e7al\u0131\u015fanlar\u0131na Covid-19 tan\u0131 testi yap\u0131lmas\u0131n\u0131n ard\u0131ndan Samand\u0131ra Tesisleri&#8217;nde g\u00f6rev yapan bir \u00e7al\u0131\u015fan\u0131n testinin pozitif \u00e7\u0131kt\u0131\u011f\u0131n\u0131 duyurdu. Kul\u00fcb\u00fcm\u00fcz\u00fcn resmi sitesinden konuyla ilgili yap\u0131lan a\u00e7\u0131klamada \u015fu ifadeler yer ald\u0131: Kul\u00fcb\u00fcm\u00fcz taraf\u0131ndan Samand\u0131ra Can Bartu Tesislerimizde 11 May\u0131s Pazartesi g\u00fcn\u00fc t\u00fcm futbolcu, teknik ekip ve \u00e7al\u0131\u015fanlar\u0131m\u0131za Covid-19 tan\u0131 testi [&hellip;]<\/p>\n","protected":false},"author":1,"featured_media":1378,"comment_status":"closed","ping_status":"closed","sticky":false,"template":"","format":"standard","meta":{"jnews-multi-image_gallery":[],"jnews_single_post":{"subtitle":"Ge\u00e7ti\u011fimiz g\u00fcnlerde Samand\u0131ra Tesisleri'nde \u00e7al\u0131\u015fan bir ki\u015fide corona vir\u00fcs tespit edildi\u011fini a\u00e7\u0131klayan Fenerbah\u00e7e, d\u00fcn yap\u0131lan testlerin ard\u0131ndan bir \u00e7al\u0131\u015fanda daha corona vir\u00fcs tespit edildi\u011fini duyurdu.","format":"standard","video":"","gallery":"","source_name":"","source_url":"","via_name":"","via_url":"","override":[{"single_blog_custom":"","sidebar":"","second_sidebar":"","share_position":"","share_float_style":"","post_date_format":"","post_date_format_custom":"","post_reading_time_wpm":"","zoom_button_out_step":"1","zoom_button_in_step":"1","number_popup_post":"1"}],"image_override":[{"single_post_thumbnail_size":"","single_post_gallery_size":""}],"trending_post_position":"","trending_post_label":"","sponsored_post_label":"","sponsored_post_name":"","sponsored_post_url":"","sponsored_post_logo":"","sponsored_post_desc":""},"jnews_primary_category":{"id":"3"},"jnews_social_meta":{"fb_title":"","fb_description":"","fb_image":"","twitter_title":"","twitter_description":"","twitter_image":""},"jnews_override_counter":{"view_counter_number":"0","share_counter_number":"0","like_counter_number":"0","dislike_counter_number":"0"},"footnotes":""},"categories":[2,3],"tags":[23],"class_list":["post-10417","post","type-post","status-publish","format-standard","has-post-thumbnail","hentry","category-haberler","category-kulup","tag-fenerbahce"],"amp_enabled":true,"_links":{"self":[{"href":"https:\/\/www.fener.org\/index.php\/wp-json\/wp\/v2\/posts\/10417","targetHints":{"allow":["GET"]}}],"collection":[{"href":"https:\/\/www.fener.org\/index.php\/wp-json\/wp\/v2\/posts"}],"about":[{"href":"https:\/\/www.fener.org\/index.php\/wp-json\/wp\/v2\/types\/post"}],"author":[{"embeddable":true,"href":"https:\/\/www.fener.org\/index.php\/wp-json\/wp\/v2\/users\/1"}],"replies":[{"embeddable":true,"href":"https:\/\/www.fener.org\/index.php\/wp-json\/wp\/v2\/comments?post=10417"}],"version-history":[{"count":1,"href":"https:\/\/www.fener.org\/index.php\/wp-json\/wp\/v2\/posts\/10417\/revisions"}],"predecessor-version":[{"id":10418,"href":"https:\/\/www.fener.org\/index.php\/wp-json\/wp\/v2\/posts\/10417\/revisions\/10418"}],"wp:featuredmedia":[{"embeddable":true,"href":"https:\/\/www.fener.org\/index.php\/wp-json\/wp\/v2\/media\/1378"}],"wp:attachment":[{"href":"https:\/\/www.fener.org\/index.php\/wp-json\/wp\/v2\/media?parent=10417"}],"wp:term":[{"taxonomy":"category","embeddable":true,"href":"https:\/\/www.fener.org\/index.php\/wp-json\/wp\/v2\/categories?post=10417"},{"taxonomy":"post_tag","embeddable":true,"href":"https:\/\/www.fener.org\/index.php\/wp-json\/wp\/v2\/tags?post=10417"}],"curies":[{"name":"wp","href":"https:\/\/api.w.org\/{rel}","templated":true}]}}