{"id":10183,"date":"2020-02-28T06:36:00","date_gmt":"2020-02-28T03:36:00","guid":{"rendered":"https:\/\/www.fener.org\/?p=10183"},"modified":"2020-02-28T06:36:05","modified_gmt":"2020-02-28T03:36:05","slug":"fenerbahce-beko-valencia-deplasmaninda","status":"publish","type":"post","link":"https:\/\/www.fener.org\/index.php\/2020\/02\/28\/fenerbahce-beko-valencia-deplasmaninda\/","title":{"rendered":"Fenerbah\u00e7e Beko, Valencia deplasman\u0131nda"},"content":{"rendered":"\n<p>Fenerbah\u00e7e Beko, Turkish Airlines EuroLeague 26. hafta ma\u00e7\u0131nda Valencia\u2019ya konuk oluyor. Bug\u00fcn (28 \u015eubat Cuma g\u00fcn\u00fc) saat 23:00\u2019te La Fonteta\u2019da oynanacak m\u00fccadele beIN Sports 3 taraf\u0131ndan canl\u0131 yay\u0131nlanacak. <\/p>\n\n\n\n<p>Fenerbah\u00e7e Beko, son resmi ma\u00e7\u0131na ING Basketbol S\u00fcper Ligi\u2019nde \u00e7\u0131kt\u0131. 26 \u015eubat \u00c7ar\u015famba g\u00fcn\u00fc Galatasaray Do\u011fa Sigorta\u2019y\u0131 a\u011f\u0131rlayan ekibimiz, m\u00fccadeleyi 75-80 kaybetti.<\/p>\n\n\n\n<p>Ekibimiz, Turkish Airlines EuroLeague\u2019deki son ma\u00e7\u0131nda, 20 \u015eubat Per\u015fembe g\u00fcn\u00fc konuk etti\u011fi Real Madrid\u2019e 65-94 ma\u011flup olmaktan kurtulamad\u0131.<\/p>\n\n\n\n<p>Fenerbah\u00e7e Beko\u2019da Valencia deplasman\u0131 \u00f6ncesi sakatl\u0131k sorunu ya\u015fayan oyuncu bulunmuyor.<\/p>\n\n\n\n<p>Jaume Ponsarnau taraf\u0131ndan \u00e7al\u0131\u015ft\u0131r\u0131lan Valencia Basket, bu sezon EuroLeague\u2019de oynad\u0131\u011f\u0131 25 ma\u00e7ta 12 galibiyet elde etti. Rakibimiz, EuroLeague\u2019de son kar\u015f\u0131la\u015fmas\u0131na 21 \u015eubat Cuma g\u00fcn\u00fc \u00e7\u0131kt\u0131 ve La Fonteta\u2019da konuk etti\u011fi Maccabi FOX\u2019a 82-85 ma\u011flup oldu.<\/p>\n\n\n\n<p>Valencia, \u0130spanya Ligi ACB\u2019de ise bu sezon 21 ma\u00e7ta 11 galibiyet elde etti. Rakibimiz, \u00fclkesindeki son resmi ma\u00e7\u0131na Real Madrid kar\u015f\u0131s\u0131nda Copa Del Rey yar\u0131 finalinde \u00e7\u0131kt\u0131 ve bu m\u00fccadeleyi 91-68 kaybetti.<\/p>\n\n\n\n<p>EuroLeague\u2019de bu sezonun ilk yar\u0131s\u0131nda \u0130stanbul\u2019da oynanan ma\u00e7\u0131 bir uzatma b\u00f6l\u00fcm\u00fc sonucunda 98-100 Valencia kazanm\u0131\u015ft\u0131.<\/p>\n","protected":false},"excerpt":{"rendered":"<p>Fenerbah\u00e7e Beko, Turkish Airlines EuroLeague 26. hafta ma\u00e7\u0131nda Valencia\u2019ya konuk oluyor. Bug\u00fcn (28 \u015eubat Cuma g\u00fcn\u00fc) saat 23:00\u2019te La Fonteta\u2019da oynanacak m\u00fccadele beIN Sports 3 taraf\u0131ndan canl\u0131 yay\u0131nlanacak. Fenerbah\u00e7e Beko, son resmi ma\u00e7\u0131na ING Basketbol S\u00fcper Ligi\u2019nde \u00e7\u0131kt\u0131. 26 \u015eubat \u00c7ar\u015famba g\u00fcn\u00fc Galatasaray Do\u011fa Sigorta\u2019y\u0131 a\u011f\u0131rlayan ekibimiz, m\u00fccadeleyi 75-80 kaybetti. Ekibimiz, Turkish Airlines EuroLeague\u2019deki son [&hellip;]<\/p>\n","protected":false},"author":1,"featured_media":8922,"comment_status":"closed","ping_status":"closed","sticky":false,"template":"","format":"standard","meta":{"jnews-multi-image_gallery":[],"jnews_single_post":{"subtitle":"Fenerbah\u00e7e Erkek Basketbol Tak\u0131m\u0131m\u0131z, Turkish Airlines EuroLeague 26. hafta ma\u00e7\u0131nda deplasmanda Valencia ile m\u00fccadele ediyor.","format":"standard","video":"","gallery":"","source_name":"","source_url":"","via_name":"","via_url":"","override":[{"single_blog_custom":"","sidebar":"","second_sidebar":"","share_position":"","share_float_style":"","post_date_format":"","post_date_format_custom":"","post_reading_time_wpm":"","zoom_button_out_step":"1","zoom_button_in_step":"1","number_popup_post":"1"}],"image_override":[{"single_post_thumbnail_size":"","single_post_gallery_size":""}],"trending_post_position":"","trending_post_label":""},"jnews_primary_category":{"id":"5"},"jnews_social_meta":{"fb_title":"","fb_description":"","fb_image":"","twitter_title":"","twitter_description":"","twitter_image":""},"jnews_override_counter":{"view_counter_number":"0","share_counter_number":"0","like_counter_number":"0","dislike_counter_number":"0"},"footnotes":""},"categories":[5,6,2],"tags":[24,74,23],"class_list":["post-10183","post","type-post","status-publish","format-standard","has-post-thumbnail","hentry","category-basketbol","category-erkek-basketbol","category-haberler","tag-basketbol","tag-euroleague","tag-fenerbahce"],"amp_enabled":true,"_links":{"self":[{"href":"https:\/\/www.fener.org\/index.php\/wp-json\/wp\/v2\/posts\/10183","targetHints":{"allow":["GET"]}}],"collection":[{"href":"https:\/\/www.fener.org\/index.php\/wp-json\/wp\/v2\/posts"}],"about":[{"href":"https:\/\/www.fener.org\/index.php\/wp-json\/wp\/v2\/types\/post"}],"author":[{"embeddable":true,"href":"https:\/\/www.fener.org\/index.php\/wp-json\/wp\/v2\/users\/1"}],"replies":[{"embeddable":true,"href":"https:\/\/www.fener.org\/index.php\/wp-json\/wp\/v2\/comments?post=10183"}],"version-history":[{"count":1,"href":"https:\/\/www.fener.org\/index.php\/wp-json\/wp\/v2\/posts\/10183\/revisions"}],"predecessor-version":[{"id":10184,"href":"https:\/\/www.fener.org\/index.php\/wp-json\/wp\/v2\/posts\/10183\/revisions\/10184"}],"wp:featuredmedia":[{"embeddable":true,"href":"https:\/\/www.fener.org\/index.php\/wp-json\/wp\/v2\/media\/8922"}],"wp:attachment":[{"href":"https:\/\/www.fener.org\/index.php\/wp-json\/wp\/v2\/media?parent=10183"}],"wp:term":[{"taxonomy":"category","embeddable":true,"href":"https:\/\/www.fener.org\/index.php\/wp-json\/wp\/v2\/categories?post=10183"},{"taxonomy":"post_tag","embeddable":true,"href":"https:\/\/www.fener.org\/index.php\/wp-json\/wp\/v2\/tags?post=10183"}],"curies":[{"name":"wp","href":"https:\/\/api.w.org\/{rel}","templated":true}]}}