{"id":10181,"date":"2020-02-28T06:30:04","date_gmt":"2020-02-28T03:30:04","guid":{"rendered":"https:\/\/www.fener.org\/?p=10181"},"modified":"2020-02-28T06:30:10","modified_gmt":"2020-02-28T03:30:10","slug":"potanin-kraliceleri-samsun-canik-belediyeye-konuk-oluyor","status":"publish","type":"post","link":"https:\/\/www.fener.org\/index.php\/2020\/02\/28\/potanin-kraliceleri-samsun-canik-belediyeye-konuk-oluyor\/","title":{"rendered":"Potan\u0131n Krali\u00e7eleri, Samsun Canik Belediye\u2019ye konuk oluyor"},"content":{"rendered":"\n<p>Fenerbah\u00e7e \u00d6znur Kablo Kad\u0131n Basketbol Tak\u0131m\u0131m\u0131z,  Herbalife Kad\u0131nlar Basketbol S\u00fcper Ligi 20\u2019nci hafta ma\u00e7\u0131nda Samsun Canik Belediye\u2019ye konuk oluyor. Bug\u00fcn (28 \u015eubat Cuma g\u00fcn\u00fc) Mustafa Da\u011f\u0131stanl\u0131 Spor Salonu\u2019nda oynanacak m\u00fcsabaka saat 16.00\u2019da ba\u015flayacak.<\/p>\n\n\n\n<p>Potan\u0131n Krali\u00e7eleri, ligde toplad\u0131\u011f\u0131 35 puanla lider durumda bulunuyor.<\/p>\n","protected":false},"excerpt":{"rendered":"<p>Fenerbah\u00e7e \u00d6znur Kablo Kad\u0131n Basketbol Tak\u0131m\u0131m\u0131z, Herbalife Kad\u0131nlar Basketbol S\u00fcper Ligi 20\u2019nci hafta ma\u00e7\u0131nda Samsun Canik Belediye\u2019ye konuk oluyor. Bug\u00fcn (28 \u015eubat Cuma g\u00fcn\u00fc) Mustafa Da\u011f\u0131stanl\u0131 Spor Salonu\u2019nda oynanacak m\u00fcsabaka saat 16.00\u2019da ba\u015flayacak. Potan\u0131n Krali\u00e7eleri, ligde toplad\u0131\u011f\u0131 35 puanla lider durumda bulunuyor.<\/p>\n","protected":false},"author":1,"featured_media":8982,"comment_status":"closed","ping_status":"closed","sticky":false,"template":"","format":"standard","meta":{"jnews-multi-image_gallery":[],"jnews_single_post":{"subtitle":"Fenerbah\u00e7e Kad\u0131n Basketbol Tak\u0131m\u0131m\u0131z, Kad\u0131nlar Basketbol S\u00fcper Ligi 20\u2019nci hafta ma\u00e7\u0131nda Samsun Canik Belediye\u2019ye konuk oluyor.","format":"standard","video":"","gallery":"","source_name":"","source_url":"","via_name":"","via_url":"","override":[{"single_blog_custom":"","sidebar":"","second_sidebar":"","share_position":"","share_float_style":"","post_date_format":"","post_date_format_custom":"","post_reading_time_wpm":"","zoom_button_out_step":"1","zoom_button_in_step":"1","number_popup_post":"1"}],"image_override":[{"single_post_thumbnail_size":"","single_post_gallery_size":""}],"trending_post_position":"","trending_post_label":""},"jnews_primary_category":{"id":"5"},"jnews_social_meta":{"fb_title":"","fb_description":"","fb_image":"","twitter_title":"","twitter_description":"","twitter_image":""},"jnews_override_counter":{"view_counter_number":"0","share_counter_number":"0","like_counter_number":"0","dislike_counter_number":"0"},"footnotes":""},"categories":[5,2,7],"tags":[24,23],"class_list":["post-10181","post","type-post","status-publish","format-standard","has-post-thumbnail","hentry","category-basketbol","category-haberler","category-kadin-basketbol","tag-basketbol","tag-fenerbahce"],"amp_enabled":true,"_links":{"self":[{"href":"https:\/\/www.fener.org\/index.php\/wp-json\/wp\/v2\/posts\/10181","targetHints":{"allow":["GET"]}}],"collection":[{"href":"https:\/\/www.fener.org\/index.php\/wp-json\/wp\/v2\/posts"}],"about":[{"href":"https:\/\/www.fener.org\/index.php\/wp-json\/wp\/v2\/types\/post"}],"author":[{"embeddable":true,"href":"https:\/\/www.fener.org\/index.php\/wp-json\/wp\/v2\/users\/1"}],"replies":[{"embeddable":true,"href":"https:\/\/www.fener.org\/index.php\/wp-json\/wp\/v2\/comments?post=10181"}],"version-history":[{"count":1,"href":"https:\/\/www.fener.org\/index.php\/wp-json\/wp\/v2\/posts\/10181\/revisions"}],"predecessor-version":[{"id":10182,"href":"https:\/\/www.fener.org\/index.php\/wp-json\/wp\/v2\/posts\/10181\/revisions\/10182"}],"wp:featuredmedia":[{"embeddable":true,"href":"https:\/\/www.fener.org\/index.php\/wp-json\/wp\/v2\/media\/8982"}],"wp:attachment":[{"href":"https:\/\/www.fener.org\/index.php\/wp-json\/wp\/v2\/media?parent=10181"}],"wp:term":[{"taxonomy":"category","embeddable":true,"href":"https:\/\/www.fener.org\/index.php\/wp-json\/wp\/v2\/categories?post=10181"},{"taxonomy":"post_tag","embeddable":true,"href":"https:\/\/www.fener.org\/index.php\/wp-json\/wp\/v2\/tags?post=10181"}],"curies":[{"name":"wp","href":"https:\/\/api.w.org\/{rel}","templated":true}]}}