{"id":10179,"date":"2020-02-27T17:35:41","date_gmt":"2020-02-27T14:35:41","guid":{"rendered":"https:\/\/www.fener.org\/?p=10179"},"modified":"2020-02-27T17:35:45","modified_gmt":"2020-02-27T14:35:45","slug":"u14-fenerbahce-beko-58-65-darussafaka","status":"publish","type":"post","link":"https:\/\/www.fener.org\/index.php\/2020\/02\/27\/u14-fenerbahce-beko-58-65-darussafaka\/","title":{"rendered":"U14: Fenerbah\u00e7e Beko 58-65 Dar\u00fc\u015f\u015fafaka"},"content":{"rendered":"<p>Fenerbah\u00e7e Beko U14 Erkek Basketbol Tak\u0131m\u0131m\u0131z, \u0130stanbul U14 Erkekler Ligi ma\u00e7\u0131nda Dar\u00fc\u015f\u015fafaka ile kar\u015f\u0131la\u015ft\u0131. Ekibimiz, Cafera\u011fa Spor Salonu\u2019nda oynanan m\u00fcsabakada rakibine 58-65 ma\u011flup oldu.<\/p>\n<p>Fenerbah\u00e7e Beko, bu sonu\u00e7la normal sezonu 22 ma\u00e7ta 13 galibiyetle be\u015finci bitirdi. Tak\u0131m\u0131m\u0131z, normal sezon ma\u00e7lar\u0131 sonunda T\u00fcrkiye \u015eampiyonas\u0131\u2019na kat\u0131lma hakk\u0131 elde etti.<\/p>\n<p>Fenerbah\u00e7e Beko\u2019da Mehmet Ersin Erfa 17, Deniz Kocaman 10 say\u0131 \u00fcretti.<\/p>\n<p><strong>\u00c7eyrek skorlar\u0131:<\/strong><\/p>\n<p>1. \u00c7eyrek: 21-12 (Dar\u00fc\u015f\u015fafaka)<br \/>\n2. \u00c7eyrek: 17-14 (Fenerbah\u00e7e Beko)<br \/>\n3. \u00c7eyrek: 17-10 (Dar\u00fc\u015f\u015fafaka)<br \/>\n4. \u00c7eyrek: 19-13 (Fenerbah\u00e7e Beko)<\/p>\n<p><strong>Fenerbah\u00e7e Beko (58):<\/strong>\u00a0Mehmet Ersin Erfa 17, Deniz Kocaman 10, Eren \u0130lyem 9, Teoman \u00d6zkan 8, Demiralp Demir 4, Mustafa Eskici 4, Volkan Kayk\u0131s\u0131zl\u0131 3, Enver Bora Pazarl\u0131 2, Mert Tiryakio\u011flu 1<\/p>\n","protected":false},"excerpt":{"rendered":"<p>Fenerbah\u00e7e Beko U14 Erkek Basketbol Tak\u0131m\u0131m\u0131z, \u0130stanbul U14 Erkekler Ligi ma\u00e7\u0131nda Dar\u00fc\u015f\u015fafaka ile kar\u015f\u0131la\u015ft\u0131. Ekibimiz, Cafera\u011fa Spor Salonu\u2019nda oynanan m\u00fcsabakada rakibine 58-65 ma\u011flup oldu. Fenerbah\u00e7e Beko, bu sonu\u00e7la normal sezonu 22 ma\u00e7ta 13 galibiyetle be\u015finci bitirdi. Tak\u0131m\u0131m\u0131z, normal sezon ma\u00e7lar\u0131 sonunda T\u00fcrkiye \u015eampiyonas\u0131\u2019na kat\u0131lma hakk\u0131 elde etti. Fenerbah\u00e7e Beko\u2019da Mehmet Ersin Erfa 17, Deniz Kocaman [&hellip;]<\/p>\n","protected":false},"author":1,"featured_media":1280,"comment_status":"closed","ping_status":"closed","sticky":false,"template":"","format":"standard","meta":{"jnews-multi-image_gallery":[],"jnews_single_post":{"subtitle":"","format":"standard","video":"","gallery":"","source_name":"","source_url":"","via_name":"","via_url":"","override":[{"single_blog_custom":"","sidebar":"","second_sidebar":"","share_position":"","share_float_style":"","post_date_format":"","post_date_format_custom":"","post_reading_time_wpm":"","zoom_button_out_step":"1","zoom_button_in_step":"1","number_popup_post":"1"}],"image_override":[{"single_post_thumbnail_size":"","single_post_gallery_size":""}],"trending_post_position":"","trending_post_label":""},"jnews_primary_category":{"id":"5"},"jnews_social_meta":{"fb_title":"","fb_description":"","fb_image":"","twitter_title":"","twitter_description":"","twitter_image":""},"jnews_override_counter":{"view_counter_number":"0","share_counter_number":"0","like_counter_number":"0","dislike_counter_number":"0"},"footnotes":""},"categories":[5,45,2],"tags":[24,23],"class_list":["post-10179","post","type-post","status-publish","format-standard","has-post-thumbnail","hentry","category-basketbol","category-erkek-basketbol-altyapi","category-haberler","tag-basketbol","tag-fenerbahce"],"amp_enabled":true,"_links":{"self":[{"href":"https:\/\/www.fener.org\/index.php\/wp-json\/wp\/v2\/posts\/10179","targetHints":{"allow":["GET"]}}],"collection":[{"href":"https:\/\/www.fener.org\/index.php\/wp-json\/wp\/v2\/posts"}],"about":[{"href":"https:\/\/www.fener.org\/index.php\/wp-json\/wp\/v2\/types\/post"}],"author":[{"embeddable":true,"href":"https:\/\/www.fener.org\/index.php\/wp-json\/wp\/v2\/users\/1"}],"replies":[{"embeddable":true,"href":"https:\/\/www.fener.org\/index.php\/wp-json\/wp\/v2\/comments?post=10179"}],"version-history":[{"count":1,"href":"https:\/\/www.fener.org\/index.php\/wp-json\/wp\/v2\/posts\/10179\/revisions"}],"predecessor-version":[{"id":10180,"href":"https:\/\/www.fener.org\/index.php\/wp-json\/wp\/v2\/posts\/10179\/revisions\/10180"}],"wp:featuredmedia":[{"embeddable":true,"href":"https:\/\/www.fener.org\/index.php\/wp-json\/wp\/v2\/media\/1280"}],"wp:attachment":[{"href":"https:\/\/www.fener.org\/index.php\/wp-json\/wp\/v2\/media?parent=10179"}],"wp:term":[{"taxonomy":"category","embeddable":true,"href":"https:\/\/www.fener.org\/index.php\/wp-json\/wp\/v2\/categories?post=10179"},{"taxonomy":"post_tag","embeddable":true,"href":"https:\/\/www.fener.org\/index.php\/wp-json\/wp\/v2\/tags?post=10179"}],"curies":[{"name":"wp","href":"https:\/\/api.w.org\/{rel}","templated":true}]}}