{"id":10160,"date":"2020-02-25T23:23:08","date_gmt":"2020-02-25T20:23:08","guid":{"rendered":"https:\/\/www.fener.org\/?p=10160"},"modified":"2020-02-25T23:23:12","modified_gmt":"2020-02-25T20:23:12","slug":"potanin-kraliceleri-asvel-ile-mucadele-ediyor","status":"publish","type":"post","link":"https:\/\/www.fener.org\/index.php\/2020\/02\/25\/potanin-kraliceleri-asvel-ile-mucadele-ediyor\/","title":{"rendered":"Potan\u0131n Krali\u00e7eleri, Asvel ile m\u00fccadele ediyor"},"content":{"rendered":"\n<p>Fenerbah\u00e7e \u00d6znur Kablo, Kad\u0131nlar Euroleague B grubu 14. ve son hafta ma\u00e7\u0131na \u00e7\u0131k\u0131yor. Potan\u0131n Krali\u00e7eleri, Fransa deplasman\u0131nda Asvel&#8217;e konuk olacak. Yar\u0131n (26 \u015eubat \u00c7ar\u015famba g\u00fcn\u00fc) Astrobelle Spor Salonu\u2019nda oynanacak m\u00fccadele saat 22.00&#8217;da ba\u015flayacak ve Fenerbah\u00e7e Televizyonu&#8217;ndan canl\u0131 olarak ekranlara gelecek.<\/p>\n\n\n\n<p>Kad\u0131n Basketbol Tak\u0131m\u0131m\u0131z Fenerbah\u00e7e \u00d6znur Kablo, grupta geride kalan 13 ma\u00e7ta 11 galibiyet elde etti.<\/p>\n\n\n\n<p>Grup lideri olarak play-off turuna y\u00fckselmeyi garantileyen Tak\u0131m\u0131m\u0131z, Avrupa arenas\u0131nda ma\u00e7 ba\u015f\u0131na 72.2 say\u0131 atarken, 37.9 ribaunt al\u0131yor ve 16.3 asist yap\u0131yor.<\/p>\n\n\n\n<p>Ev sahibi Asvel ise son hafta \u00f6ncesinde 13 ma\u00e7ta ald\u0131\u011f\u0131 7 galibiyetle averajla Famila Schio&#8217;nun gerisinde, Montpellier&#8217;nin de \u00f6n\u00fcnde \u00fc\u00e7\u00fcnc\u00fc basamakta bulunuyor.<\/p>\n\n\n\n<p>Kad\u0131n Basketbol Tak\u0131m\u0131m\u0131z, Fransa temsilcisi ile grubun ilk devresinde Metro Enerji Salonu\u2019nda oynad\u0131\u011f\u0131 m\u00fccadeleden 15 say\u0131l\u0131k farkla 82-67 galip ayr\u0131lm\u0131\u015ft\u0131.<\/p>\n","protected":false},"excerpt":{"rendered":"<p>Fenerbah\u00e7e \u00d6znur Kablo, Kad\u0131nlar Euroleague B grubu 14. ve son hafta ma\u00e7\u0131na \u00e7\u0131k\u0131yor. Potan\u0131n Krali\u00e7eleri, Fransa deplasman\u0131nda Asvel&#8217;e konuk olacak. Yar\u0131n (26 \u015eubat \u00c7ar\u015famba g\u00fcn\u00fc) Astrobelle Spor Salonu\u2019nda oynanacak m\u00fccadele saat 22.00&#8217;da ba\u015flayacak ve Fenerbah\u00e7e Televizyonu&#8217;ndan canl\u0131 olarak ekranlara gelecek. Kad\u0131n Basketbol Tak\u0131m\u0131m\u0131z Fenerbah\u00e7e \u00d6znur Kablo, grupta geride kalan 13 ma\u00e7ta 11 galibiyet elde etti. [&hellip;]<\/p>\n","protected":false},"author":1,"featured_media":8784,"comment_status":"closed","ping_status":"closed","sticky":false,"template":"","format":"standard","meta":{"jnews-multi-image_gallery":[],"jnews_single_post":{"subtitle":"Fenerbah\u00e7e Kad\u0131n Basketbol Tak\u0131m\u0131m\u0131z, Kad\u0131nlar Euroleague B grubu 14. ve son hafta ma\u00e7\u0131nda deplasmanda Asvel ile m\u00fccadele edecek.","format":"standard","video":"","gallery":"","source_name":"","source_url":"","via_name":"","via_url":"","override":[{"single_blog_custom":"","sidebar":"","second_sidebar":"","share_position":"","share_float_style":"","post_date_format":"","post_date_format_custom":"","post_reading_time_wpm":"","zoom_button_out_step":"1","zoom_button_in_step":"1","number_popup_post":"1"}],"image_override":[{"single_post_thumbnail_size":"","single_post_gallery_size":""}],"trending_post_position":"","trending_post_label":""},"jnews_primary_category":{"id":"5"},"jnews_social_meta":{"fb_title":"","fb_description":"","fb_image":"","twitter_title":"","twitter_description":"","twitter_image":""},"jnews_override_counter":{"view_counter_number":"0","share_counter_number":"0","like_counter_number":"0","dislike_counter_number":"0"},"footnotes":""},"categories":[5,2,7],"tags":[24,23],"class_list":["post-10160","post","type-post","status-publish","format-standard","has-post-thumbnail","hentry","category-basketbol","category-haberler","category-kadin-basketbol","tag-basketbol","tag-fenerbahce"],"amp_enabled":true,"_links":{"self":[{"href":"https:\/\/www.fener.org\/index.php\/wp-json\/wp\/v2\/posts\/10160","targetHints":{"allow":["GET"]}}],"collection":[{"href":"https:\/\/www.fener.org\/index.php\/wp-json\/wp\/v2\/posts"}],"about":[{"href":"https:\/\/www.fener.org\/index.php\/wp-json\/wp\/v2\/types\/post"}],"author":[{"embeddable":true,"href":"https:\/\/www.fener.org\/index.php\/wp-json\/wp\/v2\/users\/1"}],"replies":[{"embeddable":true,"href":"https:\/\/www.fener.org\/index.php\/wp-json\/wp\/v2\/comments?post=10160"}],"version-history":[{"count":1,"href":"https:\/\/www.fener.org\/index.php\/wp-json\/wp\/v2\/posts\/10160\/revisions"}],"predecessor-version":[{"id":10161,"href":"https:\/\/www.fener.org\/index.php\/wp-json\/wp\/v2\/posts\/10160\/revisions\/10161"}],"wp:featuredmedia":[{"embeddable":true,"href":"https:\/\/www.fener.org\/index.php\/wp-json\/wp\/v2\/media\/8784"}],"wp:attachment":[{"href":"https:\/\/www.fener.org\/index.php\/wp-json\/wp\/v2\/media?parent=10160"}],"wp:term":[{"taxonomy":"category","embeddable":true,"href":"https:\/\/www.fener.org\/index.php\/wp-json\/wp\/v2\/categories?post=10160"},{"taxonomy":"post_tag","embeddable":true,"href":"https:\/\/www.fener.org\/index.php\/wp-json\/wp\/v2\/tags?post=10160"}],"curies":[{"name":"wp","href":"https:\/\/api.w.org\/{rel}","templated":true}]}}